{"id":1476,"date":"2025-01-26T13:52:55","date_gmt":"2025-01-26T12:52:55","guid":{"rendered":"https:\/\/www.automoto-sr.info\/?p=1476"},"modified":"2025-01-26T13:52:59","modified_gmt":"2025-01-26T12:52:59","slug":"71-generalversammlung","status":"publish","type":"post","link":"https:\/\/www.automoto-sr.info\/?p=1476","title":{"rendered":"71. Generalversammlung"},"content":{"rendered":"\n<p>Die 71. Generalversammlung des AutoMotoClub\u2019s Swissair ist Geschichte. S\u00e4mtliche Gesch\u00e4fte gem. Traktandenliste wurden von den anwesenden Mitglieder einstimmig angenommen.<\/p>\n\n\n\n<p>Wiedergew\u00e4hlt wurden:<br>Als Kassierin: Janine Franken<br>Als Aktuar: Uwe Sander (in Abwesenheit)<\/p>\n\n\n\n<p>Die Clubmeisterschaft 2024 wurde nicht durchgef\u00fchrt, da es auch keine Termine daf\u00fcr gab.<\/p>\n\n\n\n<p>Die Kegelmeisterschaft 2024 wurde von J\u00f6rg Imobersteg gewonnen. Die restlichen Pl\u00e4tze sind ebenfalls auf der <a href=\"https:\/\/www.automoto-sr.info\/?page_id=1383\" data-type=\"page\" data-id=\"1383\">Rangliste 2024<\/a> zu sehen.<\/p>\n\n\n\n<p>Das Jahresprogramm kann im <a href=\"\/?post_type=tribe_events\">Kalender<\/a> angeschaut werden oder als <a href=\"https:\/\/www.automoto-sr.info\/wp-content\/uploads\/bsk-pdf-manager\/2025\/01\/Jahresprogramm-2025.pdf\">PDF<\/a> heruntergeladen werden.<\/p>\n\n\n\n<p><\/p>\n\n\n\n<figure class=\"wp-block-image aligncenter size-medium\"><a href=\"https:\/\/www.automoto-sr.info\/wp-content\/uploads\/2025\/01\/IMG_4124-scaled.jpeg\"><img loading=\"lazy\" decoding=\"async\" width=\"225\" height=\"300\" src=\"https:\/\/www.automoto-sr.info\/wp-content\/uploads\/2025\/01\/IMG_4124-225x300.jpeg\" alt=\"\" class=\"wp-image-1477\" srcset=\"https:\/\/www.automoto-sr.info\/wp-content\/uploads\/2025\/01\/IMG_4124-225x300.jpeg 225w, https:\/\/www.automoto-sr.info\/wp-content\/uploads\/2025\/01\/IMG_4124-768x1024.jpeg 768w, https:\/\/www.automoto-sr.info\/wp-content\/uploads\/2025\/01\/IMG_4124-1152x1536.jpeg 1152w, https:\/\/www.automoto-sr.info\/wp-content\/uploads\/2025\/01\/IMG_4124-1536x2048.jpeg 1536w, https:\/\/www.automoto-sr.info\/wp-content\/uploads\/2025\/01\/IMG_4124-scaled.jpeg 1920w\" sizes=\"auto, (max-width: 225px) 100vw, 225px\" \/><\/a><figcaption class=\"wp-element-caption\">J\u00f6rg Imobersteg &#8211; Kegelmeister 2024<\/figcaption><\/figure>\n\n\n\n<p><\/p>\n\n\n\n\n","protected":false},"excerpt":{"rendered":"<p>Die 71. Generalversammlung des AutoMotoClub\u2019s Swissair ist Geschichte. S\u00e4mtliche Gesch\u00e4fte gem. Traktandenliste wurden von den anwesenden Mitglieder einstimmig angenommen. Wiedergew\u00e4hlt wurden:Als Kassierin: Janine FrankenAls Aktuar: Uwe Sander (in Abwesenheit) Die [&hellip;]<\/p>\n","protected":false},"author":1,"featured_media":0,"comment_status":"open","ping_status":"open","sticky":false,"template":"","format":"standard","meta":{"om_disable_all_campaigns":false,"_monsterinsights_skip_tracking":false,"_monsterinsights_sitenote_active":false,"_monsterinsights_sitenote_note":"","_monsterinsights_sitenote_category":0,"_EventAllDay":false,"_EventTimezone":"","_EventStartDate":"","_EventEndDate":"","_EventStartDateUTC":"","_EventEndDateUTC":"","_EventShowMap":false,"_EventShowMapLink":false,"_EventURL":"","_EventCost":"","_EventCostDescription":"","_EventCurrencySymbol":"","_EventCurrencyCode":"","_EventCurrencyPosition":"","_EventDateTimeSeparator":"","_EventTimeRangeSeparator":"","_EventOrganizerID":[],"_EventVenueID":[],"_OrganizerEmail":"","_OrganizerPhone":"","_OrganizerWebsite":"","_VenueAddress":"","_VenueCity":"","_VenueCountry":"","_VenueProvince":"","_VenueState":"","_VenueZip":"","_VenuePhone":"","_VenueURL":"","_VenueStateProvince":"","_VenueLat":"","_VenueLng":"","_VenueShowMap":false,"_VenueShowMapLink":false,"footnotes":""},"categories":[1],"tags":[],"class_list":["post-1476","post","type-post","status-publish","format-standard","hentry","category-allgemein"],"_links":{"self":[{"href":"https:\/\/www.automoto-sr.info\/index.php?rest_route=\/wp\/v2\/posts\/1476","targetHints":{"allow":["GET"]}}],"collection":[{"href":"https:\/\/www.automoto-sr.info\/index.php?rest_route=\/wp\/v2\/posts"}],"about":[{"href":"https:\/\/www.automoto-sr.info\/index.php?rest_route=\/wp\/v2\/types\/post"}],"author":[{"embeddable":true,"href":"https:\/\/www.automoto-sr.info\/index.php?rest_route=\/wp\/v2\/users\/1"}],"replies":[{"embeddable":true,"href":"https:\/\/www.automoto-sr.info\/index.php?rest_route=%2Fwp%2Fv2%2Fcomments&post=1476"}],"version-history":[{"count":2,"href":"https:\/\/www.automoto-sr.info\/index.php?rest_route=\/wp\/v2\/posts\/1476\/revisions"}],"predecessor-version":[{"id":1479,"href":"https:\/\/www.automoto-sr.info\/index.php?rest_route=\/wp\/v2\/posts\/1476\/revisions\/1479"}],"wp:attachment":[{"href":"https:\/\/www.automoto-sr.info\/index.php?rest_route=%2Fwp%2Fv2%2Fmedia&parent=1476"}],"wp:term":[{"taxonomy":"category","embeddable":true,"href":"https:\/\/www.automoto-sr.info\/index.php?rest_route=%2Fwp%2Fv2%2Fcategories&post=1476"},{"taxonomy":"post_tag","embeddable":true,"href":"https:\/\/www.automoto-sr.info\/index.php?rest_route=%2Fwp%2Fv2%2Ftags&post=1476"}],"curies":[{"name":"wp","href":"https:\/\/api.w.org\/{rel}","templated":true}]}}